{"id":12426,"date":"2026-06-29T11:11:00","date_gmt":"2026-06-29T09:11:00","guid":{"rendered":"http:\/\/www.sixiemeson.com\/?post_type=actualite&#038;p=12426"},"modified":"2026-07-30T10:08:11","modified_gmt":"2026-07-30T08:08:11","slug":"mapfre-lance-son-identite-sonore","status":"publish","type":"actualite","link":"https:\/\/www.sixiemeson.com\/fr\/news\/mapfre-lance-son-identite-sonore\/","title":{"rendered":"MAPFRE fait \u00e9voluer son identit\u00e9 sonore"},"content":{"rendered":"\n<h2 class=\"wp-block-heading\">Apr\u00e8s avoir lanc\u00e9 son identit\u00e9 sonore avec Sixi\u00e8me Son, MAPFRE poursuit aujourd&rsquo;hui cette collaboration en faisant \u00e9voluer son univers sonore. <\/h2>\n\n\n\n<p class=\"wp-block-paragraph\">Cette nouvelle \u00e9tape accompagne la transformation de la marque et affirme un positionnement plus mature, plus pr\u00e9sent et plus contemporain, tout en pr\u00e9servant les \u00e9l\u00e9ments qui font la force et la reconnaissance de son identit\u00e9 musicale.<\/p>\n\n\n\n<h2 class=\"wp-block-heading\">Une identit\u00e9 sonore qui grandit avec la marque<\/h2>\n\n\n\n<blockquote class=\"wp-block-quote is-layout-flow wp-block-quote-is-layout-flow\">\n<p class=\"wp-block-paragraph\">Depuis son lancement, l&rsquo;identit\u00e9 sonore est devenue un v\u00e9ritable actif de marque pour MAPFRE. D\u00e9ploy\u00e9e \u00e0 l&rsquo;international sur de nombreux points de contact, elle accompagne les campagnes de communication, les environnements digitaux, la t\u00e9l\u00e9phonie, les \u00e9v\u00e9nements et les contenus corporate.<\/p>\n\n\n\n<figure class=\"wp-block-embed is-type-video is-provider-youtube wp-block-embed-youtube wp-embed-aspect-16-9 wp-has-aspect-ratio\"><div class=\"wp-block-embed__wrapper\">\n<iframe title=\"MAPFRE Sonic Branding - Brand Film\" width=\"500\" height=\"281\" src=\"https:\/\/www.youtube.com\/embed\/hst0CS8uOHw?feature=oembed&#038;enablejsapi=1&#038;origin=https:\/\/www.sixiemeson.com\" frameborder=\"0\" allow=\"accelerometer; autoplay; clipboard-write; encrypted-media; gyroscope; picture-in-picture; web-share\" referrerpolicy=\"strict-origin-when-cross-origin\" allowfullscreen><\/iframe>\n<\/div><\/figure>\n<\/blockquote>\n\n\n\n<p class=\"wp-block-paragraph\">Aujourd&rsquo;hui, cette identit\u00e9 sonore \u00e9volue avec la marque. Sans rompre avec son h\u00e9ritage musical, MAPFRE choisit de faire \u00e9voluer son syst\u00e8me sonore afin d&rsquo;accompagner sa nouvelle plateforme de marque et son identit\u00e9 visuelle, d\u00e9velopp\u00e9e par Design Bridge &amp; Partners.<\/p>\n\n\n\n<h2 class=\"wp-block-heading\">Une \u00e9volution, pas une r\u00e9volution<\/h2>\n\n\n\n<blockquote class=\"wp-block-quote is-layout-flow wp-block-quote-is-layout-flow\">\n<p class=\"wp-block-paragraph\">La m\u00e9lodie d&rsquo;origine est conserv\u00e9e mais r\u00e9interpr\u00e9t\u00e9e avec davantage d&rsquo;\u00e9nergie, de pr\u00e9sence et de caract\u00e8re. Les nouveaux choix rythmiques et orchestraux donnent naissance \u00e0 une identit\u00e9 plus affirm\u00e9e, plus contemporaine et plus immersive, tout en restant imm\u00e9diatement reconnaissable.<\/p>\n<\/blockquote>\n\n\n\n<p class=\"wp-block-paragraph\">Cette \u00e9volution traduit la maturit\u00e9 de MAPFRE : une marque qui n&rsquo;a plus besoin de d\u00e9montrer qui elle est, mais qui affirme naturellement sa personnalit\u00e9.<\/p>\n\n\n\n<h2 class=\"wp-block-heading\">Le tr\u00e8fle prend sa propre voix<\/h2>\n\n\n\n<blockquote class=\"wp-block-quote is-layout-flow wp-block-quote-is-layout-flow\">\n<p class=\"wp-block-paragraph\">Parmi les \u00e9volutions majeures figure la cr\u00e9ation d&rsquo;une signature sonore propre au tr\u00e8fle, embl\u00e8me historique de MAPFRE. D\u00e9riv\u00e9e de l&rsquo;audio logo principal, cette nouvelle signature permet d\u00e9sormais \u00e0 la marque de s&rsquo;exprimer aussi bien aux c\u00f4t\u00e9s de son nom que de mani\u00e8re autonome, renfor\u00e7ant ainsi sa reconnaissance sur l&rsquo;ensemble de ses points de contact.<\/p>\n<\/blockquote>\n\n\n\n<h2 class=\"wp-block-heading\">Laisser une empreinte positive<\/h2>\n\n\n\n<p class=\"wp-block-paragraph\">Avec cette nouvelle \u00e9volution, MAPFRE renforce la coh\u00e9rence de son exp\u00e9rience de marque sur l&rsquo;ensemble de ses points de contact : campagnes publicitaires, environnements digitaux, t\u00e9l\u00e9phonie, \u00e9v\u00e9nements ou contenus corporate.<\/p>\n\n\n\n<p class=\"wp-block-paragraph\">Ce syst\u00e8me sonore accompagne d\u00e9sormais une marque plus affirm\u00e9e, tout en conservant la proximit\u00e9 et la confiance qui caract\u00e9risent MAPFRE depuis toujours.<\/p>\n\n\n\n<h2 class=\"wp-block-heading\">Un patrimoine sonore qui s&rsquo;inscrit dans la dur\u00e9e<\/h2>\n\n\n\n<p class=\"wp-block-paragraph\">Cette \u00e9volution illustre \u00e9galement une conviction forte de Sixi\u00e8me Son : le branding sonore est un actif strat\u00e9gique qui accompagne les marques dans la dur\u00e9e.<\/p>\n\n\n\n<p class=\"wp-block-paragraph\">Avec cette nouvelle \u00e9tape, MAPFRE confirme sa volont\u00e9 de construire un patrimoine sonore durable, capable d&rsquo;accompagner ses collaborateurs, ses partenaires et ses millions de clients dans le monde entier, aujourd&rsquo;hui comme demain.<\/p>\n\n\n\n<h2 class=\"wp-block-heading\">D\u00e9couvrir l&rsquo;identit\u00e9 sonore de MAPFRE<\/h2>\n\n\n\n<blockquote class=\"wp-block-quote is-layout-flow wp-block-quote-is-layout-flow\">\n<p class=\"wp-block-paragraph\">D\u00e9couvrez le syst\u00e8me d&rsquo;<a href=\"https:\/\/www.sixiemeson.com\/fr\/nos-creations\/sonic-branding-fr\/mapfre-identite-sonore\/\">identit\u00e9 sonore d\u00e9velopp\u00e9 pour MAPFRE<\/a> et les choix cr\u00e9atifs qui accompagnent cette marque internationale.<\/p>\n<\/blockquote>\n","protected":false},"featured_media":16170,"template":"","tags":[1174,2825],"class_list":["post-12426","actualite","type-actualite","status-publish","has-post-thumbnail","hentry","tag-identite-sonore","tag-sonic-branding-2"],"acf":[],"_links":{"self":[{"href":"https:\/\/www.sixiemeson.com\/fr\/wp-json\/wp\/v2\/actualite\/12426","targetHints":{"allow":["GET"]}}],"collection":[{"href":"https:\/\/www.sixiemeson.com\/fr\/wp-json\/wp\/v2\/actualite"}],"about":[{"href":"https:\/\/www.sixiemeson.com\/fr\/wp-json\/wp\/v2\/types\/actualite"}],"wp:featuredmedia":[{"embeddable":true,"href":"https:\/\/www.sixiemeson.com\/fr\/wp-json\/wp\/v2\/media\/16170"}],"wp:attachment":[{"href":"https:\/\/www.sixiemeson.com\/fr\/wp-json\/wp\/v2\/media?parent=12426"}],"wp:term":[{"taxonomy":"post_tag","embeddable":true,"href":"https:\/\/www.sixiemeson.com\/fr\/wp-json\/wp\/v2\/tags?post=12426"}],"curies":[{"name":"wp","href":"https:\/\/api.w.org\/{rel}","templated":true}]}}